
{"id":10248,"date":"2022-04-18T12:23:54","date_gmt":"2022-04-18T16:23:54","guid":{"rendered":"https:\/\/cebem.org\/?p=10248"},"modified":"2022-04-18T12:50:47","modified_gmt":"2022-04-18T16:50:47","slug":"agencia-de-la-giz-en-la-paz-y-el-proyecto-cotriapi-convocatoria-abierta-de-personal","status":"publish","type":"post","link":"https:\/\/cebem.org\/?p=10248","title":{"rendered":"We Effect, busca integrar a su equipo de trabajo un profesional en Oficial Financiero Administrativo en Bolivia"},"content":{"rendered":"\n<p><strong>Nuestro cliente, We Effect, busca integrar a su equipo de trabajo un profesional en:<\/strong><\/p>\n\n\n\n<p class=\"has-text-align-center\"><strong>OFICIAL FINANCIERO ADMINISTRATIVO EN BOLIVIA<\/strong><\/p>\n\n\n\n<p class=\"has-text-align-justify\"><strong>\u00bfTe interesar\u00eda ser parte de un equipo que trabaja por reducir la pobreza?. &nbsp;Estamos en medio de un per\u00edodo de programaci\u00f3n de cinco a\u00f1os y un proceso de elaboraci\u00f3n de estrategias en Bolivia.<\/strong>&nbsp; &nbsp;<\/p>\n\n\n\n<p class=\"has-text-align-justify\">We Effect es una organizaci\u00f3n de cooperaci\u00f3n internacional de Suecia, con m\u00e1s de 60 a\u00f1os de trabajo con organizaciones cooperativistas y movimientos sociales en pa\u00edses en \u00c1frica, Asia, Europa y Am\u00e9rica Latina. We Effect apoya a grupos organizados de los sectores populares con herramientas para luchar contra la pobreza y la injusticia en base a su propio esfuerzo. Nuestra misi\u00f3n es fortalecer la capacidad de organizaciones democr\u00e1ticas y de membres\u00eda para posibilitar que mujeres y hombres de escasos recursos puedan mejorar sus condiciones de vida, defender sus derechos y contribuir a una sociedad justa. Nuestros valores son respeto, transparencia y trabajo en conjunto.<\/p>\n\n\n\n<p class=\"has-text-align-justify\">La cartera actual de We Effect en Bolivia incluye proyectos ejecutados a trav\u00e9s de aliados estrat\u00e9gicos en La Paz, Cochabamba y Santa Cruz. El nuevo quinquenio orientar\u00e1 su cobertura territorial hacia Amazon\u00eda y Chiquitan\u00eda.<\/p>\n\n\n\n<h4 class=\"wp-block-heading\">Objetivo del puesto<\/h4>\n\n\n\n<p class=\"has-text-align-justify\">Como Oficial Financiero Administrativo eres responsable de gesti\u00f3n financiera, contable y administrativa de la organizaci\u00f3n y sus copartes en el pa\u00eds.&nbsp; Velas por el cumplimiento de la normativa de We Effect en Bolivia y sus pol\u00edticas internas, Analizas y lideras procesos financieros que son estrat\u00e9gicos para decisiones, brindas informaci\u00f3n oportuna al Representante Pa\u00eds.<\/p>\n\n\n\n<h4 class=\"wp-block-heading\"><strong>Habilidades y conocimientos requeridos:<\/strong><\/h4>\n\n\n\n<p class=\"has-text-align-justify\">Buscamos a una persona con experiencia en gesti\u00f3n de procesos administrativos financieros, capaz de analizar y dar informaci\u00f3n en tiempo para la toma de decisiones. &nbsp;Es importante que comprenda el trabajo de cooperaci\u00f3n y de las organizaciones sociales.&nbsp; El trabajo requiere una fuerte autodisciplina, sentido de estructuraci\u00f3n y planificaci\u00f3n.&nbsp; Su trabajo es importante para que inspire a otres.<\/p>\n\n\n\n<h4 class=\"wp-block-heading\"><strong>Competencias<\/strong><\/h4>\n\n\n\n<ul class=\"wp-block-list\"><li>Buenas habilidades interpersonales y la capacidad de interactuar efectivamente con grupos diversos<\/li><li>Habilidades Estrat\u00e9gicas y anal\u00edticas y de resoluci\u00f3n de problemas<\/li><li>Confidencialidad<\/li><li>Proactividad, orientaci\u00f3n a resultados y orientaci\u00f3n al servicio<\/li><\/ul>\n\n\n\n<p class=\"has-text-align-justify\"><em>Al solicitar el trabajo, es entendido y reconocido que We Effect requiere que su personal trate a todas las personas con dignidad y respeto y que prevenga activamente el acoso, el abuso, adem\u00e1s entendido que el candidato estar\u00e1 sujeto a una verificaci\u00f3n integral de antecedentes y sus referencias personales\/profesionales.<\/em><\/p>\n\n\n\n<p class=\"has-text-align-justify\"><strong><u>Interesados\/as:&nbsp;<\/u><\/strong>Enviar su Carta de Inter\u00e9s y hoja de vida actualizada (m\u00e1ximo 3 hojas) a&nbsp;<a href=\"mailto:seleccion@dio.com.bo\" target=\"_blank\" rel=\"noreferrer noopener\">seleccion@dio.com.bo<\/a>; con el nombre de la vacante, a m\u00e1s tardar el&nbsp;<strong>25 de abril del 2022<\/strong>.<\/p>\n\n\n\n<p><a href=\"https:\/\/cebem.org\/boletin\/2022\/clave_magica_1\/Terminos_Referencia_Oficial_Financiero_Administrativo.pdf\" target=\"_blank\" rel=\"noreferrer noopener\"><strong>T\u00e9rminos de Referencia<\/strong><\/a><\/p>\n\n\n\n<p>Nota: Solo los finalistas ser\u00e1n contactados.<\/p>\n\n\n\n<figure class=\"wp-block-image\"><img data-recalc-dims=\"1\" decoding=\"async\" src=\"https:\/\/i0.wp.com\/cebem.org\/boletin\/2022\/clave_magica_1\/dio.jpg?w=750&#038;ssl=1\" alt=\"\"\/><\/figure>\n","protected":false},"excerpt":{"rendered":"<p>Nuestro cliente, We Effect, busca integrar a su equipo de trabajo un profesional en: OFICIAL FINANCIERO ADMINISTRATIVO EN BOLIVIA \u00bfTe interesar\u00eda ser parte de un equipo que trabaja por reducir la pobreza?. &nbsp;Estamos en medio de un per\u00edodo de programaci\u00f3n de cinco a\u00f1os y un proceso de elaboraci\u00f3n de estrategias en Bolivia.&nbsp; &nbsp; We Effect &hellip; <\/p>\n<p><a class=\"more-link btn\" href=\"https:\/\/cebem.org\/?p=10248\">Seguir leyendo<\/a><\/p>\n","protected":false},"author":12,"featured_media":10250,"comment_status":"closed","ping_status":"closed","sticky":false,"template":"","format":"standard","meta":{"_jetpack_memberships_contains_paid_content":false,"footnotes":"","jetpack_publicize_message":"GIZ en La Paz  y el Proyecto COTRIAPI  de We Effect en Bolivia. \nConvocatoria  para integrar a su equipo a un Oficial Financiero Administrativo en Bolivia. Ver m\u00e1s ...","jetpack_publicize_feature_enabled":true,"jetpack_social_post_already_shared":true,"jetpack_social_options":{"image_generator_settings":{"template":"highway","default_image_id":0,"font":"","enabled":false},"version":2}},"categories":[1476],"tags":[1617,1619],"class_list":["post-10248","post","type-post","status-publish","format-standard","has-post-thumbnail","hentry","category-boletines-redesma","tag-convocatoria-abierta-de-personal","tag-giz-cotriapi-we-effect","item-wrap"],"jetpack_publicize_connections":[],"jetpack_featured_media_url":"https:\/\/i0.wp.com\/cebem.org\/wp-content\/uploads\/2022\/04\/we_effect.jpg?fit=1200%2C630&ssl=1","jetpack_sharing_enabled":true,"_links":{"self":[{"href":"https:\/\/cebem.org\/index.php?rest_route=\/wp\/v2\/posts\/10248","targetHints":{"allow":["GET"]}}],"collection":[{"href":"https:\/\/cebem.org\/index.php?rest_route=\/wp\/v2\/posts"}],"about":[{"href":"https:\/\/cebem.org\/index.php?rest_route=\/wp\/v2\/types\/post"}],"author":[{"embeddable":true,"href":"https:\/\/cebem.org\/index.php?rest_route=\/wp\/v2\/users\/12"}],"replies":[{"embeddable":true,"href":"https:\/\/cebem.org\/index.php?rest_route=%2Fwp%2Fv2%2Fcomments&post=10248"}],"version-history":[{"count":3,"href":"https:\/\/cebem.org\/index.php?rest_route=\/wp\/v2\/posts\/10248\/revisions"}],"predecessor-version":[{"id":10257,"href":"https:\/\/cebem.org\/index.php?rest_route=\/wp\/v2\/posts\/10248\/revisions\/10257"}],"wp:featuredmedia":[{"embeddable":true,"href":"https:\/\/cebem.org\/index.php?rest_route=\/wp\/v2\/media\/10250"}],"wp:attachment":[{"href":"https:\/\/cebem.org\/index.php?rest_route=%2Fwp%2Fv2%2Fmedia&parent=10248"}],"wp:term":[{"taxonomy":"category","embeddable":true,"href":"https:\/\/cebem.org\/index.php?rest_route=%2Fwp%2Fv2%2Fcategories&post=10248"},{"taxonomy":"post_tag","embeddable":true,"href":"https:\/\/cebem.org\/index.php?rest_route=%2Fwp%2Fv2%2Ftags&post=10248"}],"curies":[{"name":"wp","href":"https:\/\/api.w.org\/{rel}","templated":true}]}}