
{"id":10155,"date":"2022-04-18T22:55:32","date_gmt":"2022-04-19T02:55:32","guid":{"rendered":"https:\/\/cebem.org\/?p=10155"},"modified":"2022-08-26T10:46:02","modified_gmt":"2022-08-26T14:46:02","slug":"curso-virtual-diseno-de-proyectos-de-educacion-ambiental-pea-bases-teoricas-y-metodologicas-para-la-accion-ambiental-2da-edicion","status":"publish","type":"post","link":"https:\/\/cebem.org\/?p=10155","title":{"rendered":"Curso virtual: Dise\u00f1o de Proyectos de Educaci\u00f3n Ambiental (PEA) &#8211; Bases te\u00f3ricas y metodol\u00f3gicas para la acci\u00f3n ambiental. (2da Edici\u00f3n)"},"content":{"rendered":"\n<h3 class=\"has-text-align-center has-regular-font-size wp-block-heading\" id=\"inicio-21-de-febrero-de-2022\">Inicio 23 de Mayo de 2022<\/h3>\n\n\n\n<p class=\"has-text-align-center has-small-font-size\"><strong>Seis M\u00f3dulos- Seis Semanas<\/strong><\/p>\n\n\n<div class=\"wp-block-image\">\n<figure class=\"aligncenter size-large\"><img data-recalc-dims=\"1\" height=\"394\" width=\"750\" decoding=\"async\" src=\"https:\/\/i0.wp.com\/cebem.org\/wp-content\/uploads\/2022\/04\/proyectos-de-educacion-ambiental-face-2-1024x538.jpg?resize=750%2C394&#038;ssl=1\" alt=\"\" class=\"wp-image-10511\"\/><\/figure>\n<\/div>\n\n\n<p class=\"has-text-align-center has-small-font-size\"><strong><strong>Cantidad de horas: <\/strong>60 horas<\/strong><\/p>\n\n\n\n<h4 class=\"has-text-align-center has-small-font-size wp-block-heading\" id=\"duracion-del-21-de-febrero-al-3-de-abril-de-2022\">Duraci\u00f3n: del 23 de Mayo al 4 de Julio de 2022<\/h4>\n\n\n\n<p class=\"has-text-align-center has-small-font-size\"><strong>Modalidad virtual &#8211; Asincr\u00f3nico con tutoria<\/strong> <strong>docente<\/strong><\/p>\n\n\n\n<h4 class=\"has-vivid-purple-color has-text-color wp-block-heading\" id=\"presentacion\">PRESENTACI\u00d3N<\/h4>\n\n\n\n<p><a><\/a>La educaci\u00f3n ambiental requiere el dise\u00f1o de proyectos educativos en diferentes escalas de trabajo territorial&nbsp; (especialmente a nivel local, regional)&nbsp; e insertos&nbsp; y promovidos desde el orden p\u00fablico, privado y del tercer sector.<\/p>\n\n\n\n<p><a><\/a>Como todos los dispositivos de educaci\u00f3n ambiental, los proyectos de educaci\u00f3n ambiental (PEA), implican el reconocimiento y la comprensi\u00f3n de las problem\u00e1ticas ambientales (multiescalares-multidimensionales), a la vez del dise\u00f1o e implementaci\u00f3n de diferentes dispositivos de acci\u00f3n (actividades y recursos) que permitan iniciar procesos de intervenci\u00f3n en las escalas territoriales.<\/p>\n\n\n\n<p><a><\/a>La educaci\u00f3n ambiental se fundamenta en compromisos, valores, fomenta actitudes y aptitudes en el marco de un proceso de participaci\u00f3n por parte de los diferentes actores de la comunidad. La finalidad \u00faltima, es contribuir para la soluci\u00f3n de las problem\u00e1ticas ambientales desde la conformaci\u00f3n de un espacio de responsabilidad ambiental.<\/p>\n\n\n\n<p>Los desaf\u00edos actuales imponen un pulso con mayor dinamismo. Los diferentes especialistas requieren herramientas de trabajo que permitan el acercamiento te\u00f3rico y metodol\u00f3gico de la educaci\u00f3n ambiental para el avance con diferentes audiencias en el \u00e1mbito formal, no formal e informal.<\/p>\n\n\n\n<p>El curso se propone abordar el dise\u00f1o de proyectos de educaci\u00f3n ambiental (PEA), reconociendo los elementos indispensables para el desarrollo de los diferentes dispositivos presenciales y virtuales desde el marco te\u00f3rico, conceptual y metodol\u00f3gico, propio de la educaci\u00f3n ambiental.<\/p>\n\n\n\n<h4 class=\"has-vivid-purple-color has-text-color wp-block-heading\" id=\"objetivo-general\">OBJETIVO GENERAL<\/h4>\n\n\n\n<p>Analizar y desarrollar las etapas que implican la formulaci\u00f3n, implementaci\u00f3n y evaluaci\u00f3n de los proyectos de educaci\u00f3n ambiental (PEA) para el orden p\u00fablico, el sector privado y\/o tercer sector.<\/p>\n\n\n\n<h4 class=\"has-vivid-purple-color has-text-color wp-block-heading\" id=\"objetivos-especificos\">O<strong>BJETIVOS ESPEC\u00cdFICOS<\/strong><\/h4>\n\n\n\n<ul class=\"wp-block-list\"><li>Reconocer los fundamentos te\u00f3ricos conceptuales as\u00ed como los principales antecedentes en materia de Educaci\u00f3n Ambiental<\/li><li>Examinar los modelos de proyectos de educaci\u00f3n ambiental en el \u00e1mbito formal y no formal conforme diferentes metodolog\u00edas de trabajo.<\/li><li>Analizar las ventajas y desventajas de las estrategias&nbsp; y los dispositivos de Educaci\u00f3n Ambiental aplicables a diferentes \u00e1mbitos y problem\u00e1ticas ambientales.<\/li><li>Reconocer y dise\u00f1ar las etapas que implica un proyecto de educaci\u00f3n ambiental.<\/li><\/ul>\n\n\n\n<h4 class=\"has-vivid-purple-color has-text-color wp-block-heading\" id=\"metodologia\"><strong>METODOLOG\u00cdA<\/strong><\/h4>\n\n\n\n<p>El Curso emplea principalmente los &nbsp;dispositivos:<\/p>\n\n\n\n<ul class=\"wp-block-list\"><li>Foros tem\u00e1ticos, los cuales ser\u00e1n habilitados para otorgar al estudiante un espacio virtual de discusi\u00f3n y opini\u00f3n cr\u00edtica, cuya moderaci\u00f3n estar\u00e1 a cargo del docente del curso<\/li><li>Actividades evaluativas en las cuales se evaluar\u00e1 el grado de conocimiento y comprensi\u00f3n de los principales conceptos y asuntos discutidos en el curso.<\/li><li>Desarrollo del Diario de Aprendizaje. Blog did\u00e1ctico<\/li><\/ul>\n\n\n\n<h4 class=\"has-vivid-purple-color has-text-color wp-block-heading\" id=\"programa-de-contenidos-a-abordar\">PROGRAMA DE CONTENIDOS A ABORDAR<\/h4>\n\n\n\n<ul class=\"wp-block-list\"><li>Miradas, autores y conceptos asociados a la educaci\u00f3n ambiental.<\/li><li>Principales contribuciones que configuraron el marco de acci\u00f3n te\u00f3rico y metodol\u00f3gico de la educaci\u00f3n ambiental<\/li><li>Los objetivos y las metas de la educaci\u00f3n ambiental<\/li><li>Denominadores comunes sobre los conceptos estructurantes de la Educaci\u00f3n Ambiental<\/li><li>Tipos y enfoques de EA<\/li><li>Encuadre de la Educaci\u00f3n Ambiental en el marco de la gesti\u00f3n ambiental.<\/li><li>Tipos de proyectos de Educaci\u00f3n Ambiental.<\/li><li>Alcances: Proyecto, programa y Plan de Educaci\u00f3n Ambiental<\/li><li>Dise\u00f1o de Proyectos de Educaci\u00f3n Ambiental: Desarrollo de las Etapas de la planificaci\u00f3n.&nbsp;&nbsp;<ul><li>Origen y justificaci\u00f3n del Proyecto<\/li><\/ul><ul><li>Diagn\u00f3stico, estado de situaci\u00f3n de la\/las problem\u00e1ticas ambientales a abordar.<\/li><\/ul><ul><li>Tipos de problemas a abordar.&nbsp; Metodolog\u00edas de caracterizaci\u00f3n de los problemas ambientales.<\/li><\/ul><ul><li>Recorte e identificaci\u00f3n del \u00e1mbito de intervenci\u00f3n (temporal, espacial)<\/li><\/ul><ul><li>Definici\u00f3n de poblaci\u00f3n destinataria<\/li><\/ul><ul><li>Definici\u00f3n de Objetivos. Tipos de objetivos en materia de educaci\u00f3n. Alcances de los objetivos del proyecto<\/li><\/ul><ul><li>Definici\u00f3n de Metas<\/li><\/ul><ul><li>Definici\u00f3n de contenidos y tipos de contenidos a incluir. Identificaci\u00f3n del marco conceptual que gu\u00eda el proyecto y que instrumenta el proyecto.<\/li><\/ul><ul><li>El glosario del proyecto.<\/li><\/ul><ul><li>Definici\u00f3n de las Actividades: Tipo de actividades y dispositivos de Educaci\u00f3n Ambiental.&nbsp; Caracterizaci\u00f3n de los grupos de instrumentos, herramientas y t\u00e9cnicas de Educaci\u00f3n Ambiental.&nbsp;&nbsp; Tabl\u00f3n de instrumentos<\/li><\/ul><ul><li>Cronograma del proyecto<\/li><\/ul><ul><li>Recursos materiales, financieros y humanos. Presupuestos<\/li><\/ul><ul><li>Marco legal sobre el que se apoya el proyecto<\/li><\/ul><ul><li>Limitaciones y Riesgos (de la planificaci\u00f3n y de la ejecuci\u00f3n del proyecto)<\/li><\/ul><\/li><li>Organizaci\u00f3n de la estrategia de b\u00fasqueda de fondos para los proyectos.<\/li><li>Las redes ambientales de trabajo para la Educaci\u00f3n Ambiental<\/li><li>El documento del proyecto: hoja de ruta y el \u00edndice<\/li><li>Comunicaci\u00f3n del Proyecto<\/li><li>Sistematizaci\u00f3n de resultados<\/li><li>Evaluaci\u00f3n del proyecto<\/li><li>Ejercicio de dise\u00f1o de un proyecto de educaci\u00f3n ambiental.<\/li><\/ul>\n\n\n\n<h4 class=\"has-vivid-purple-color has-text-color wp-block-heading\" id=\"destinatarios\">DESTINATARIOS<\/h4>\n\n\n\n<p>El curso se encuentra dirigido a gestores y t\u00e9cnicos del orden p\u00fablico y privado, de unidades acad\u00e9micas y educativas, as\u00ed como instancias no gubernamentales, cuyo marco de trabajo implica el desarrollo de actividades de Educaci\u00f3n Ambiental que no necesariamente tienen formaci\u00f3n en la dimensi\u00f3n educativa.<\/p>\n\n\n\n<h4 class=\"has-vivid-purple-color has-text-color wp-block-heading\"><strong>SERVICIOS INCLUIDOS<\/strong><\/h4>\n\n\n\n<ul class=\"wp-block-list\"><li>Contenido central<\/li><li>Bibliograf\u00eda principal y ampliatoria en formato digital.<\/li><li>Actividades que permitir\u00e1n aplicar lo aprendido<\/li><li>Tutor\u00eda y asesoramiento permanente a trav\u00e9s de foros<\/li><li>Certificaci\u00f3n por la docente, CEBEM y REDESMA<\/li><\/ul>\n\n\n\n<div class=\"wp-block-media-text is-stacked-on-mobile\" style=\"grid-template-columns:20% auto\"><figure class=\"wp-block-media-text__media\"><img data-recalc-dims=\"1\" fetchpriority=\"high\" decoding=\"async\" width=\"750\" height=\"308\" src=\"https:\/\/i0.wp.com\/cebem.org\/wp-content\/uploads\/2022\/06\/IUCN_CECcombo_RGBhg_esp-sf.jpg?resize=750%2C308&#038;ssl=1\" alt=\"\" class=\"wp-image-10877 size-full\" srcset=\"https:\/\/i0.wp.com\/cebem.org\/wp-content\/uploads\/2022\/06\/IUCN_CECcombo_RGBhg_esp-sf.jpg?w=800&amp;ssl=1 800w, https:\/\/i0.wp.com\/cebem.org\/wp-content\/uploads\/2022\/06\/IUCN_CECcombo_RGBhg_esp-sf.jpg?resize=300%2C123&amp;ssl=1 300w, https:\/\/i0.wp.com\/cebem.org\/wp-content\/uploads\/2022\/06\/IUCN_CECcombo_RGBhg_esp-sf.jpg?resize=768%2C316&amp;ssl=1 768w, https:\/\/i0.wp.com\/cebem.org\/wp-content\/uploads\/2022\/06\/IUCN_CECcombo_RGBhg_esp-sf.jpg?resize=600%2C247&amp;ssl=1 600w, https:\/\/i0.wp.com\/cebem.org\/wp-content\/uploads\/2022\/06\/IUCN_CECcombo_RGBhg_esp-sf.jpg?resize=750%2C308&amp;ssl=1 750w\" sizes=\"(max-width: 750px) 100vw, 750px\" \/><\/figure><div class=\"wp-block-media-text__content\">\n<p class=\"has-small-font-size\">Contamos para esta cuarta Edici\u00f3n con el <strong>aval de la Comisi\u00f3n de Educaci\u00f3n Ambiental de la Uni\u00f3n Internacional de Conservaci\u00f3n de la Naturaleza (UICN)<\/strong><\/p>\n<\/div><\/div>\n\n\n\n<h4 class=\"has-vivid-purple-color has-text-color wp-block-heading\" id=\"block-329c14bf-0211-49cc-8734-77079793e689\"><strong>DOCENTE<\/strong><\/h4>\n\n\n\n<div class=\"wp-block-media-text is-stacked-on-mobile is-vertically-aligned-top\" style=\"grid-template-columns:19% auto\"><figure class=\"wp-block-media-text__media\"><img data-recalc-dims=\"1\" decoding=\"async\" src=\"https:\/\/i0.wp.com\/cebem.org\/wp-content\/uploads\/2021\/01\/lorena-coria.jpg?w=750&#038;ssl=1\" alt=\"\"\/><\/figure><div class=\"wp-block-media-text__content\">\n<p class=\"has-regular-font-size\"><strong>Mg. Lorena Coria.&nbsp;<\/strong>Lic. en Informaci\u00f3n Ambiental (Ulu)- Esp. en Educaci\u00f3n en Ambiente para el desarrollo sustentable (UNCo). Mg. en Desarrollo Local \u00abEstrategias Ambientales y Territoriales\u00bb (UNIA Espa\u00f1a). Esp. En Evaluaci\u00f3n de Impacto Ambiental (Universidad Polit\u00e9cnica de Catalu\u00f1a) y Esp. En Educaci\u00f3n Abierta en entornos virtuales. Promotora Objetivos de Desarrollo Sostenible. Docente universitaria de grado y posgrado. Tutora y Dise\u00f1adora en materia de educaci\u00f3n a distancia. Consultora en \u00e1mbitos p\u00fablicos y privados en temas de Gesti\u00f3n Ambiental, Educaci\u00f3n Ambiental y Pol\u00edticas Ambientales. Asesora de Organizaciones no gubernamentales. Integrante de la Comisi\u00f3n de Educaci\u00f3n y Comunicaci\u00f3n de la UICN y de la Comisi\u00f3n de Pol\u00edtica Ambiental de UICN. Red Internacional de Promotores ODS. Coordinadora de 3 libros, autora de 10 cap\u00edtulos de libros, expositora en 25 congresos y autora de diversos art\u00edculos para revistas peri\u00f3dicas y no peri\u00f3dicas. Ex coordinadora de la Revista DELOS \u00abDesarrollo Local Sostenible\u00bb del grupo Eumed de la Universidad de M\u00e1laga. Investigadora en Observatorio Ambiental sobre Educaci\u00f3n y Politicas ambientales del CEBEM-REDESMA.  Coordinadora por Argentina de REDESMA.<br><strong>Consultar el perfil en: <a href=\"https:\/\/www.linkedin.com\/in\/lorena-g-coria-80964820\/\">https:\/\/www.linkedin.com\/in\/lorena-g-coria-80964820\/<\/a><\/strong> <\/p>\n<\/div><\/div>\n\n\n\n<h4 class=\"has-vivid-purple-color has-text-color wp-block-heading\" id=\"block-489a86b6-bfca-4aa2-a74d-fe73bf06c0dd\"><a id=\"inversion\"><\/a><strong>INVERSI\u00d3N<\/strong><\/h4>\n\n\n\n<p id=\"block-00fc8b68-b0ed-4231-928c-abe6c9adfa36\">La inversi\u00f3n para este curso es de Bs. 700 (bolivianos) y para inscripciones desde fuera de Bolivia $us 100 (d\u00f3lares).<\/p>\n\n\n\t\t\t\t\t\t<style>\r\n\t\t\t\t\r\n\t\t\t\t\t#tab_container_10513 {\r\n\toverflow:hidden;\r\n\tdisplay:block;\r\n\twidth:100%;\r\n\tborder:0px solid #ddd;\r\n\tmargin-bottom:30px;\r\n\t}\r\n\r\n#tab_container_10513 .tab-content{\r\n\tpadding:20px;\r\n\tborder: 1px solid #e6e6e6 !important;\r\n\tmargin-top: 0px;\r\n\tbackground-color:#ffffff !important;\r\n\tcolor: #000000 !important;\r\n\tfont-size:15px !important;\r\n\tfont-family: Arial !important;\r\n\t\r\n\t\tborder: 1px solid #e6e6e6 !important;\r\n\t}\r\n#tab_container_10513 .wpsm_nav-tabs {\r\n    border-bottom: 0px solid #ddd;\r\n}\r\n#tab_container_10513 .wpsm_nav-tabs > li.active > a, #tab_container_10513 .wpsm_nav-tabs > li.active > a:hover, #tab_container_10513 .wpsm_nav-tabs > li.active > a:focus {\r\n\tcolor: #000000 !important;\r\n\tcursor: default;\r\n\tbackground-color: #ffffff !important;\r\n\tborder: 1px solid #e6e6e6 !important;\r\n}\r\n\r\n#tab_container_10513 .wpsm_nav-tabs > li > a {\r\n    margin-right: 0px !important; \r\n    line-height: 1.42857143 !important;\r\n    border: 1px solid #0080d0 !important;\r\n    border-radius: 0px 0px 0 0 !important; \r\n\tbackground-color: #0693e3 !important;\r\n\tcolor: #ffffff !important;\r\n\tpadding: 15px 18px 15px 18px !important;\r\n\ttext-decoration: none !important;\r\n\tfont-size: 14px !important;\r\n\ttext-align:center !important;\r\n\tfont-family: Arial !important;\r\n}\r\n#tab_container_10513 .wpsm_nav-tabs > li > a:focus {\r\noutline: 0px !important;\r\n}\r\n\r\n#tab_container_10513 .wpsm_nav-tabs > li > a:before {\r\n\tdisplay:none !important;\r\n}\r\n#tab_container_10513 .wpsm_nav-tabs > li > a:after {\r\n\tdisplay:none !important ;\r\n}\r\n#tab_container_10513 .wpsm_nav-tabs > li{\r\npadding:0px !important ;\r\nmargin:0px;\r\n}\r\n\r\n#tab_container_10513 .wpsm_nav-tabs > li > a:hover , #tab_container_10513 .wpsm_nav-tabs > li > a:focus {\r\n    color: #ffffff !important;\r\n    background-color: #0693e3 !important;\r\n\tborder: 1px solid #0080d0 !important;\r\n\t\r\n}\r\n#tab_container_10513 .wpsm_nav-tabs > li > a .fa{\r\n\r\nmargin-right:5px !important;\r\n\r\nmargin-left:5px !important;\r\n\r\n\r\n}\r\n\r\n\t\t#tab_container_10513 .wpsm_nav-tabs a{\r\n\t\t\tbackground-image: none;\r\n\t\t\tbackground-position: 0 0;\r\n\t\t\tbackground-repeat: repeat-x;\r\n\t\t}\r\n\t\t\t\r\n\r\n\r\n#tab_container_10513 .wpsm_nav-tabs > li {\r\n    float: left;\r\n    margin-bottom: -1px !important;\r\n\tmargin-right:0px !important; \r\n}\r\n\r\n\r\n#tab_container_10513 .tab-content{\r\noverflow:hidden !important;\r\n}\r\n\r\n\r\n@media (min-width: 769px) {\r\n\r\n\t#tab_container_10513 .wpsm_nav-tabs > li{\r\n\t\tfloat:left !important ;\r\n\t\t\t\tmargin-right:-1px !important;\r\n\t\t\t\t\t}\r\n\t#tab_container_10513 .wpsm_nav-tabs{\r\n\t\tfloat:none !important;\r\n\t\tmargin:0px !important;\r\n\t}\r\n\r\n\t#tab_container_10513 .wpsm_nav-tabs > li {\r\n\t\t\t\t\r\n\t}\r\n\t#tab_container_10513 .wpsm_nav{\r\n\t\t\t}\r\n\r\n}\r\n\r\n\r\n\r\n@media (max-width: 768px) {\r\n\t#tab_container_10513 .wpsm_nav-tabs > li {\r\n\t\t\t\t\r\n\t}\r\n\t#tab_container_10513 .wpsm_nav{\r\n\t\t\t}\r\n}\r\n\r\n\r\n\t.wpsm_nav-tabs li:before{\r\n\t\tdisplay:none !important;\r\n\t}\r\n\r\n\t@media (max-width: 768px) {\r\n\t\t\t\t\r\n\t\t\t\t.wpsm_nav-tabs{\r\n\t\t\tmargin-left:0px !important;\r\n\t\t\tmargin-right:0px !important; \r\n\t\t\t\r\n\t\t}\r\n\t\t\t\t#tab_container_10513 .wpsm_nav-tabs > li{\r\n\t\t\tfloat:none !important;\r\n\t\t}\r\n\t\t\t\r\n\t}\t\t\t\t<\/style>\r\n\t\t\t\t<div id=\"tab_container_10513\" >\r\n\t \r\n\t\t\t\t\t<ul class=\"wpsm_nav wpsm_nav-tabs\" role=\"tablist\" id=\"myTab_10513\">\r\n\t\t\t\t\t\t\t\r\n\t\t\t\t\t\t\t<li role=\"presentation\"  class=\"active\"  onclick=\"do_resize()\">\r\n\t\t\t\t\t\t\t\t<a href=\"#tabs_desc_10513_1\" aria-controls=\"tabs_desc_10513_1\" role=\"tab\" data-toggle=\"tab\">\r\n\t\t\t\t\t\t\t\t\t\r\n\t\t\t\t\t\t\t\t\t\t\t\t\t\t\t\t\t\t\t\t\t\t\t\t\t\t\t\t\t\t\t\t\t\t\t\t\t\t\t\t\t\t\t\t\t\t\t\t\t\r\n\t\t\t\t\t\t\t\t\t\t\t\t\t\t\t\t\t\t\r\n\t\t\t\t\t\t\t\t\t<span>PAGO TARJETA DE D\u00c9BITO\/CR\u00c9DITO<\/span>\r\n\t\t\t\t\t\t\t\t\t\r\n\t\t\t\t\t\t\t\t\t\t\t\t\t\t\t\t\t\t\r\n\t\t\t\t\t\t\t\t\t\t\t\t\t\t\t\t\t\t\t\t\r\n\t\t\t\t\t\t\t\t\t\r\n\t\t\t\t\t\t\t\t<\/a>\r\n\t\t\t\t\t\t\t<\/li>\r\n\t\t\t\t\t\t\t\r\n\t\t\t\t\t\t\t<li role=\"presentation\"  onclick=\"do_resize()\">\r\n\t\t\t\t\t\t\t\t<a href=\"#tabs_desc_10513_2\" aria-controls=\"tabs_desc_10513_2\" role=\"tab\" data-toggle=\"tab\">\r\n\t\t\t\t\t\t\t\t\t\r\n\t\t\t\t\t\t\t\t\t\t\t\t\t\t\t\t\t\t\t\t\t\t\t\t\t\t\t\t\t\t\t\t\t\t\t\t\t\t\t\t\t\t\t\t\t\t\t\t\t\r\n\t\t\t\t\t\t\t\t\t\t\t\t\t\t\t\t\t\t\r\n\t\t\t\t\t\t\t\t\t<span>DEP\u00d3SITO BANCARIO<\/span>\r\n\t\t\t\t\t\t\t\t\t\r\n\t\t\t\t\t\t\t\t\t\t\t\t\t\t\t\t\t\t\r\n\t\t\t\t\t\t\t\t\t\t\t\t\t\t\t\t\t\t\t\t\r\n\t\t\t\t\t\t\t\t\t\r\n\t\t\t\t\t\t\t\t<\/a>\r\n\t\t\t\t\t\t\t<\/li>\r\n\t\t\t\t\t\t\t\r\n\t\t\t\t\t\t\t<li role=\"presentation\"  onclick=\"do_resize()\">\r\n\t\t\t\t\t\t\t\t<a href=\"#tabs_desc_10513_3\" aria-controls=\"tabs_desc_10513_3\" role=\"tab\" data-toggle=\"tab\">\r\n\t\t\t\t\t\t\t\t\t\r\n\t\t\t\t\t\t\t\t\t\t\t\t\t\t\t\t\t\t\t\t\t\t\t\t\t\t\t\t\t\t\t\t\t\t\t\t\t\t\t\t\t\t\t\t\t\t\t\t\t\r\n\t\t\t\t\t\t\t\t\t\t\t\t\t\t\t\t\t\t\r\n\t\t\t\t\t\t\t\t\t<span>PRODEM o FIE<\/span>\r\n\t\t\t\t\t\t\t\t\t\r\n\t\t\t\t\t\t\t\t\t\t\t\t\t\t\t\t\t\t\r\n\t\t\t\t\t\t\t\t\t\t\t\t\t\t\t\t\t\t\t\t\r\n\t\t\t\t\t\t\t\t\t\r\n\t\t\t\t\t\t\t\t<\/a>\r\n\t\t\t\t\t\t\t<\/li>\r\n\t\t\t\t\t\t\t\r\n\t\t\t\t\t\t\t<li role=\"presentation\"  onclick=\"do_resize()\">\r\n\t\t\t\t\t\t\t\t<a href=\"#tabs_desc_10513_4\" aria-controls=\"tabs_desc_10513_4\" role=\"tab\" data-toggle=\"tab\">\r\n\t\t\t\t\t\t\t\t\t\r\n\t\t\t\t\t\t\t\t\t\t\t\t\t\t\t\t\t\t\t\t\t\t\t\t\t\t\t\t\t\t\t\t\t\t\t\t\t\t\t\t\t\t\t\t\t\t\t\t\t\r\n\t\t\t\t\t\t\t\t\t\t\t\t\t\t\t\t\t\t\r\n\t\t\t\t\t\t\t\t\t<span>EFECTIVO<\/span>\r\n\t\t\t\t\t\t\t\t\t\r\n\t\t\t\t\t\t\t\t\t\t\t\t\t\t\t\t\t\t\r\n\t\t\t\t\t\t\t\t\t\t\t\t\t\t\t\t\t\t\t\t\r\n\t\t\t\t\t\t\t\t\t\r\n\t\t\t\t\t\t\t\t<\/a>\r\n\t\t\t\t\t\t\t<\/li>\r\n\t\t\t\t\t\t\t\t\t\t\t <\/ul>\r\n\r\n\t\t\t\t\t  <!-- Tab panes -->\r\n\t\t\t\t\t  <div class=\"tab-content\" id=\"tab-content_10513\">\r\n\t\t\t\t\t\t\t\t\t\t\t\t <div role=\"tabpanel\" class=\"tab-pane  in active \" id=\"tabs_desc_10513_1\">\r\n\t\t\t\t\t\t\t\t<p style=\"text-align: center\" align=\"center\">Realice su inversi\u00f3n de manera segura mediante nuestra pasarela de pago con su tarjeta de d\u00e9bito o cr\u00e9dito<\/p>\r\n<p align=\"center\"><img data-recalc-dims=\"1\" decoding=\"async\" class=\"size-full wp-image-8995 aligncenter\" src=\"https:\/\/i0.wp.com\/cebem.org\/wp-content\/uploads\/2021\/09\/logo-visa-mastercard.png?resize=300%2C110&#038;ssl=1\" alt=\"\" width=\"300\" height=\"110\" \/><\/p>\r\n\r\n<div class=\"has-text-align-center\">\r\n<div class=\"wp-block-button\" style=\"text-align: center\"><a class=\"wp-block-button__link\" href=\"https:\/\/links.libelula.bo\/Pay\/3fc222c0-09df-4eb4-8096-088a164c097d\" target=\"_blank\" rel=\"noreferrer noopener\">PAGAR AQU\u00cd en bolivianos\r\n700 Bs<\/a><\/div>\r\n<div class=\"wp-block-button\" style=\"text-align: center\"><a class=\"wp-block-button__link\" href=\"https:\/\/links.libelula.bo\/Pay\/e629c7ae-b0fb-4610-b744-e80ac43af910\" target=\"_blank\" rel=\"noreferrer noopener\">PAGAR AQU\u00cd en dolares\r\n100 $us<\/a><\/div>\r\n<\/div>\t\t\t\t\t\t <\/div>\r\n\t\t\t\t\t\t\t\t\t\t\t\t <div role=\"tabpanel\" class=\"tab-pane \" id=\"tabs_desc_10513_2\">\r\n\t\t\t\t\t\t\t\t<p style=\"text-align: center\"><img data-recalc-dims=\"1\" decoding=\"async\" class=\"aligncenter wp-image-7043\" src=\"https:\/\/i0.wp.com\/cebem.org\/wp-content\/uploads\/2020\/04\/Logo_Banco_BISA.png?resize=250%2C75&#038;ssl=1\" alt=\"\" width=\"250\" height=\"75\" srcset=\"https:\/\/i0.wp.com\/cebem.org\/wp-content\/uploads\/2020\/04\/Logo_Banco_BISA.png?w=600&amp;ssl=1 600w, https:\/\/i0.wp.com\/cebem.org\/wp-content\/uploads\/2020\/04\/Logo_Banco_BISA.png?resize=300%2C90&amp;ssl=1 300w\" sizes=\"(max-width: 250px) 100vw, 250px\" \/><\/p>\r\n<p style=\"text-align: center\"><strong>En bolivianos - BS<br>\r\n<\/strong>Cuenta corriente: 130861-001-9<br>\r\nTitular de la cuenta: Cebem\u200b<br>\r\nNIT: 1006059021<\/p>\r\n<p style=\"text-align: center\"><strong>En d\u00f3lares - U$<br>\r\n<\/strong>Cuenta corriente: 130861-206-2<br>\r\nTitular de la cuenta: Cebem\u200b<br>\r\nNIT: 1006059021<\/p>\r\n<em>Posterior al pago enviar una foto de la constancia de transferencia al correo beatriz@cebem.org indicando su nombre y el nombre del curso al cual se ha inscrito.<\/em>\t\t\t\t\t\t <\/div>\r\n\t\t\t\t\t\t\t\t\t\t\t\t <div role=\"tabpanel\" class=\"tab-pane \" id=\"tabs_desc_10513_3\">\r\n\t\t\t\t\t\t\t\t<p style=\"text-align: center\"><a href=\"https:\/\/i0.wp.com\/cebem.org\/wp-content\/uploads\/2020\/04\/logo-prodem.png?ssl=1\"><img data-recalc-dims=\"1\" loading=\"lazy\" decoding=\"async\" class=\"aligncenter wp-image-7050\" src=\"https:\/\/i0.wp.com\/cebem.org\/wp-content\/uploads\/2020\/04\/logo-prodem.png?resize=250%2C68&#038;ssl=1\" alt=\"\" width=\"250\" height=\"68\" srcset=\"https:\/\/i0.wp.com\/cebem.org\/wp-content\/uploads\/2020\/04\/logo-prodem.png?w=600&amp;ssl=1 600w, https:\/\/i0.wp.com\/cebem.org\/wp-content\/uploads\/2020\/04\/logo-prodem.png?resize=300%2C82&amp;ssl=1 300w\" sizes=\"(max-width: 250px) 100vw, 250px\" \/><\/a>\r\n<a href=\"https:\/\/i0.wp.com\/cebem.org\/wp-content\/uploads\/2020\/04\/logo-banco-fie.jpg?ssl=1\"><img data-recalc-dims=\"1\" loading=\"lazy\" decoding=\"async\" class=\"aligncenter wp-image-7045\" src=\"https:\/\/i0.wp.com\/cebem.org\/wp-content\/uploads\/2020\/04\/logo-banco-fie.jpg?resize=250%2C84&#038;ssl=1\" alt=\"\" width=\"250\" height=\"84\" srcset=\"https:\/\/i0.wp.com\/cebem.org\/wp-content\/uploads\/2020\/04\/logo-banco-fie.jpg?w=757&amp;ssl=1 757w, https:\/\/i0.wp.com\/cebem.org\/wp-content\/uploads\/2020\/04\/logo-banco-fie.jpg?resize=300%2C100&amp;ssl=1 300w, https:\/\/i0.wp.com\/cebem.org\/wp-content\/uploads\/2020\/04\/logo-banco-fie.jpg?resize=600%2C201&amp;ssl=1 600w, https:\/\/i0.wp.com\/cebem.org\/wp-content\/uploads\/2020\/04\/logo-banco-fie.jpg?resize=750%2C253&amp;ssl=1 750w\" sizes=\"(max-width: 250px) 100vw, 250px\" \/><\/a><\/p>\r\n<p style=\"text-align: center\">(para el interior de Bolivia)<br>\r\n<strong>Destinatario:<\/strong> Cinda Beatriz Herrera Rodr\u00edguez<br>\r\n<strong> CI:<\/strong> 2234285 LP\u200b<\/p>\r\n<em>Posterior al pago enviar una foto de la constancia de transferencia al correo beatriz@cebem.org indicando su nombre y el nombre del curso al cual se ha inscrito.<\/em>\t\t\t\t\t\t <\/div>\r\n\t\t\t\t\t\t\t\t\t\t\t\t <div role=\"tabpanel\" class=\"tab-pane \" id=\"tabs_desc_10513_4\">\r\n\t\t\t\t\t\t\t\t<p style=\"text-align: center\"><strong>De LUNES a VIERNES<\/strong><\/p>\r\n<p style=\"text-align: center\"><strong>De 8:30 de la ma\u00f1ana hasta las 13:00 horas<\/strong><\/p>\r\n<p style=\"text-align: center\">Calle Macario Pinilla # 2588 esq. Av. Arce, Edificio Arcadia, Mezzanine, Of. 101 - La Paz, Bolivia<\/p>\r\n<p style=\"text-align: center\">Tel\u00e9fono: +591 2431818 - Celular: +591 73027636 - Casilla No 9205<\/p>\r\n<p style=\"text-align: center\"><\/p>\t\t\t\t\t\t <\/div>\r\n\t\t\t\t\t\t\t\r\n\t\t\t\t\t <\/div>\r\n\t\t\t\t\t \r\n\t\t\t\t <\/div>\r\n <script>\r\n\t\tjQuery(function () {\r\n\t\t\tjQuery('#myTab_10513 a:first').tab('show')\r\n\t\t});\r\n\t\t\r\n\t\t\t\tjQuery(function(){\r\n\t\t\tvar b=\"fadeIn\";\r\n\t\t\tvar c;\r\n\t\t\tvar a;\r\n\t\t\td(jQuery(\"#myTab_10513 a\"),jQuery(\"#tab-content_10513\"));function d(e,f,g){\r\n\t\t\t\te.click(function(i){\r\n\t\t\t\t\ti.preventDefault();\r\n\t\t\t\t\tjQuery(this).tab(\"show\");\r\n\t\t\t\t\tvar h=jQuery(this).data(\"easein\");\r\n\t\t\t\t\tif(c){c.removeClass(a);}\r\n\t\t\t\t\tif(h){f.find(\"div.active\").addClass(\"animated \"+h);a=h;}\r\n\t\t\t\t\telse{if(g){f.find(\"div.active\").addClass(\"animated \"+g);a=g;}else{f.find(\"div.active\").addClass(\"animated \"+b);a=b;}}c=f.find(\"div.active\");\r\n\t\t\t\t});\r\n\t\t\t}\r\n\t\t});\r\n\t\t\r\n\r\n\t\tfunction do_resize(){\r\n\r\n\t\t\tvar width=jQuery( '.tab-content .tab-pane iframe' ).width();\r\n\t\t\tvar height=jQuery( '.tab-content .tab-pane iframe' ).height();\r\n\r\n\t\t\tvar toggleSize = true;\r\n\t\t\tjQuery('iframe').animate({\r\n\t\t\t    width: toggleSize ? width : 640,\r\n\t\t\t    height: toggleSize ? height : 360\r\n\t\t\t  }, 250);\r\n\r\n\t\t\t  toggleSize = !toggleSize;\r\n\t\t}\r\n\r\n\r\n\t<\/script>\r\n\t\t\t\t\r\n\t\t\t\n\n\n\n<p class=\"has-luminous-vivid-orange-color has-text-color\">Consu<em>ltar descuentos por grupo a beatriz@cebem.org&nbsp;<\/em><\/p>\n\n\n\n<h2 class=\"has-text-align-center wp-block-heading\" id=\"te-interesa-participar-del-curso\">\u00bfTe interesa participar del curso?<\/h2>\n\n\n\n<div class=\"wp-block-buttons is-horizontal is-content-justification-center is-layout-flex wp-container-core-buttons-is-layout-499968f5 wp-block-buttons-is-layout-flex\">\n<div class=\"wp-block-button\"><a class=\"wp-block-button__link\" href=\"https:\/\/docs.google.com\/forms\/d\/e\/1FAIpQLSfHao71AQJH8lWqic76hbVY196f4wMEBkq0YgvwTinAksuVTA\/viewform?usp=sf_link\" target=\"_blank\" rel=\"noreferrer noopener\">REALIZA TU PRE-INSCRIPCI\u00d3N<\/a><\/div>\n<\/div>\n\n\n\n<h3 class=\"has-text-align-center wp-block-heading\" id=\"block-9603d57d-420c-44c3-b8ef-47c132d2c23e\">\u00a1Finaliza el curso y obt\u00e9n tu CERTIFICADO!<\/h3>\n\n\n<div class=\"wp-block-image\">\n<figure class=\"aligncenter size-full is-resized\" id=\"block-aa4a09cc-a09f-48c7-b934-b16734225510\"><img data-recalc-dims=\"1\" loading=\"lazy\" decoding=\"async\" src=\"https:\/\/i0.wp.com\/cebem.org\/wp-content\/uploads\/2022\/06\/ejemplo-certificado-2022-uicn.jpg?resize=400%2C283&#038;ssl=1\" alt=\"\" class=\"wp-image-10879\" width=\"400\" height=\"283\" srcset=\"https:\/\/i0.wp.com\/cebem.org\/wp-content\/uploads\/2022\/06\/ejemplo-certificado-2022-uicn.jpg?w=1024&amp;ssl=1 1024w, https:\/\/i0.wp.com\/cebem.org\/wp-content\/uploads\/2022\/06\/ejemplo-certificado-2022-uicn.jpg?resize=300%2C212&amp;ssl=1 300w, https:\/\/i0.wp.com\/cebem.org\/wp-content\/uploads\/2022\/06\/ejemplo-certificado-2022-uicn.jpg?resize=768%2C543&amp;ssl=1 768w, https:\/\/i0.wp.com\/cebem.org\/wp-content\/uploads\/2022\/06\/ejemplo-certificado-2022-uicn.jpg?resize=600%2C424&amp;ssl=1 600w, https:\/\/i0.wp.com\/cebem.org\/wp-content\/uploads\/2022\/06\/ejemplo-certificado-2022-uicn.jpg?resize=750%2C530&amp;ssl=1 750w\" sizes=\"(max-width: 400px) 100vw, 400px\" \/><\/figure>\n<\/div>\n\n\n<p id=\"block-a9b74f2e-f9d2-42bc-9519-46c83f3174b5\">Se otorgar\u00e1 un&nbsp;<strong>CERTIFICADO<\/strong> <strong>DIGITAL<\/strong>&nbsp;al finalizar el curso y completando las actividades, esto lo recibir\u00e1 directamente a su correo electr\u00f3nico.<\/p>\n\n\n\n<h4 class=\"has-vivid-purple-color has-text-color wp-block-heading\" id=\"block-ae2b1ae1-1cfb-4c8f-834c-4a77fc8b1428\"><strong>\u00bfTIENES ALGUNA CONSULTA? ESCR\u00cdBENOS:<\/strong><\/h4>\n\n\n\n<div class=\"wp-block-columns is-layout-flex wp-container-core-columns-is-layout-9d6595d7 wp-block-columns-is-layout-flex\">\n<div class=\"wp-block-column is-layout-flow wp-block-column-is-layout-flow\"><div class=\"wp-block-image\">\n<figure class=\"aligncenter is-resized\" id=\"block-03a03a78-c7b6-4921-9eef-537a891cf30c\"><img data-recalc-dims=\"1\" loading=\"lazy\" decoding=\"async\" src=\"https:\/\/i0.wp.com\/cebem.org\/wp-content\/uploads\/2019\/07\/envelope-3152053_960_720.png?resize=71%2C54&#038;ssl=1\" alt=\"La imagen tiene un atributo ALT vac\u00edo; su nombre de archivo es envelope-3152053_960_720.png\" width=\"71\" height=\"54\"\/><\/figure>\n<\/div>\n\n\n<p class=\"has-text-align-center\" id=\"block-ad3c28f6-942a-4847-9bc2-f1f8cb5f179f\"><a href=\"mailto:beatriz@cebem.org\"><strong>beatriz@cebem.org<\/strong><\/a><\/p>\n<\/div>\n\n\n\n<div class=\"wp-block-column is-layout-flow wp-block-column-is-layout-flow\"><div class=\"wp-block-image\">\n<figure class=\"aligncenter is-resized\" id=\"block-ab0ee5bb-071a-4e1f-aaf9-6b3653d31dc2\"><img data-recalc-dims=\"1\" loading=\"lazy\" decoding=\"async\" src=\"https:\/\/i0.wp.com\/cebem.org\/wp-content\/uploads\/2019\/07\/Whatsapp_icon-icons.png?resize=66%2C66&#038;ssl=1\" alt=\"La imagen tiene un atributo ALT vac\u00edo; su nombre de archivo es Whatsapp_icon-icons.png\" width=\"66\" height=\"66\"\/><\/figure>\n<\/div>\n\n\n<p class=\"has-text-align-center\" id=\"block-f8faf0af-f3fd-4dee-84b3-68a6e9ba01c2\"><a href=\"https:\/\/api.whatsapp.com\/send?phone=59170522053&amp;text=Hola,%20tengo%20una%20consulta%20del%20Curso:%20Dise%C3%B1o%20de%20Proyectos%20de%20Educaci%C3%B3n%20Ambiental%202v\" target=\"_blank\" rel=\"noreferrer noopener\"><strong>WhatsApp:<\/strong>&nbsp;+591 70522053<\/a><\/p>\n<\/div>\n<\/div>\n","protected":false},"excerpt":{"rendered":"<p><b>INICIO 23 de mayo de 2022<\/b>, modalidad asincr\u00f3nica con tutorias de 60 horas.<\/p>\n","protected":false},"author":14,"featured_media":0,"comment_status":"closed","ping_status":"closed","sticky":false,"template":"","format":"standard","meta":{"_jetpack_memberships_contains_paid_content":false,"footnotes":"","jetpack_publicize_message":"","jetpack_publicize_feature_enabled":false,"jetpack_social_post_already_shared":true,"jetpack_social_options":{"image_generator_settings":{"template":"highway","default_image_id":0,"font":"","enabled":false},"version":2}},"categories":[595,4],"tags":[1284,247,1034,1389],"class_list":["post-10155","post","type-post","status-publish","format-standard","hentry","category-curso-tutoriado","category-cursos-culminados-cebem","tag-cebem","tag-curso-virtual","tag-educacion-ambiental","tag-redesma","nodate","item-wrap"],"jetpack_publicize_connections":[],"jetpack_featured_media_url":"","jetpack_sharing_enabled":true,"_links":{"self":[{"href":"https:\/\/cebem.org\/index.php?rest_route=\/wp\/v2\/posts\/10155","targetHints":{"allow":["GET"]}}],"collection":[{"href":"https:\/\/cebem.org\/index.php?rest_route=\/wp\/v2\/posts"}],"about":[{"href":"https:\/\/cebem.org\/index.php?rest_route=\/wp\/v2\/types\/post"}],"author":[{"embeddable":true,"href":"https:\/\/cebem.org\/index.php?rest_route=\/wp\/v2\/users\/14"}],"replies":[{"embeddable":true,"href":"https:\/\/cebem.org\/index.php?rest_route=%2Fwp%2Fv2%2Fcomments&post=10155"}],"version-history":[{"count":15,"href":"https:\/\/cebem.org\/index.php?rest_route=\/wp\/v2\/posts\/10155\/revisions"}],"predecessor-version":[{"id":10918,"href":"https:\/\/cebem.org\/index.php?rest_route=\/wp\/v2\/posts\/10155\/revisions\/10918"}],"wp:attachment":[{"href":"https:\/\/cebem.org\/index.php?rest_route=%2Fwp%2Fv2%2Fmedia&parent=10155"}],"wp:term":[{"taxonomy":"category","embeddable":true,"href":"https:\/\/cebem.org\/index.php?rest_route=%2Fwp%2Fv2%2Fcategories&post=10155"},{"taxonomy":"post_tag","embeddable":true,"href":"https:\/\/cebem.org\/index.php?rest_route=%2Fwp%2Fv2%2Ftags&post=10155"}],"curies":[{"name":"wp","href":"https:\/\/api.w.org\/{rel}","templated":true}]}}