
{"id":10040,"date":"2022-04-01T11:28:54","date_gmt":"2022-04-01T15:28:54","guid":{"rendered":"https:\/\/cebem.org\/?p=10040"},"modified":"2022-04-01T12:18:39","modified_gmt":"2022-04-01T16:18:39","slug":"convocatoria-para-contratacion-de-especialista-en-antropologia","status":"publish","type":"post","link":"https:\/\/cebem.org\/?p=10040","title":{"rendered":"WCS: Convocatoria para Contrataci\u00f3n de Especialista en Antropolog\u00eda."},"content":{"rendered":"\n<div class=\"wp-block-image\"><figure class=\"aligncenter\"><img data-recalc-dims=\"1\" decoding=\"async\" src=\"https:\/\/i0.wp.com\/cebem.org\/boletin\/2022\/wcs_3\/logo.jpg?w=750&#038;ssl=1\" alt=\"\"\/><\/figure><\/div>\n\n\n\n<p class=\"has-text-align-center\"><strong>CONVOCATORIA PARA CONTRATACI\u00d3N DE ESPECIALISTA EN ANTROPOLOGIA PARA PROYECTO DE INVESTIGACI\u00d3N SOBRE PATRIMONIO Y TERRITORIALIDAD: PERCEPCIONES PASADAS, PRESENTES Y FUTURAS ENTRE LOS TACANA, T\u2019SIMANE Y WAIWAI.<\/strong><\/p>\n\n\n\n<p><strong>Cargo:<\/strong><\/p>\n\n\n\n<p class=\"has-text-align-justify\">Co-investigador\/a del proyecto PATRIMONIO Y TERRITORIALIDAD: PERCEPCIONES PASADAS, PRESENTES Y FUTURAS ENTRE LOS TACANA, T\u2019SIMANE Y WAIWAI<\/p>\n\n\n\n<p><strong>Plazo o tiempo del contrato:&nbsp;<\/strong>Un a\u00f1o &#8211; Tiempo completo<\/p>\n\n\n\n<p><strong>Objetivo General:<\/strong><\/p>\n\n\n\n<p class=\"has-text-align-justify\">Esta investigaci\u00f3n busca contribuir a la gesti\u00f3n territorial de los pueblos ind\u00edgenas a partir de la comprensi\u00f3n de las complejidades de las nociones de \u201cpatrimonio\u201d cultural y natural basadas en las cosmolog\u00edas de los pueblos ind\u00edgenas.<\/p>\n\n\n\n<p><strong>Objetivos Espec\u00edficos:<\/strong><\/p>\n\n\n\n<ul class=\"wp-block-list\"><li>Colaborar en el dise\u00f1o de metodolog\u00eda participativas y colaborativas.<\/li><li>Participar en procesos de capacitaci\u00f3n sobre metodolog\u00edas y herramientas de la antropolog\u00eda.<\/li><li>Implementar las metodolog\u00edas participativas y colaborativas en el campo (etnolog\u00eda, documentaci\u00f3n de la relaci\u00f3n con sitios arqueol\u00f3gicos, realizar entrevistas).<\/li><li>Co-liderar un equipo de co-investigadores de los pueblos ind\u00edgenas involucrados.<\/li><li>Alimentar con informaci\u00f3n los instrumentos de procesamiento.<\/li><li>Procesar y analizar la informaci\u00f3n.<\/li><li>Elaborar reportes preliminares sobre los resultados de campo.<\/li><li>Colaborar en la elaboraci\u00f3n de los reportes finales.<\/li><li>Elaborar los documentos que contribuyan a la de gesti\u00f3n territorial de los pueblos ind\u00edgenas<\/li><li>Participar en la producci\u00f3n de documentos acad\u00e9micos.<\/li><li>Facilitar la comunicaci\u00f3n con las organizaciones y comunidades ind\u00edgenas para el trabajo con museos.<\/li><li>Organizar talleres con los co-investigadores de los pueblos ind\u00edgenas.<\/li><li>Coordinar la log\u00edstica para las reuniones del equipo en la localidad.<\/li><\/ul>\n\n\n\n<p><strong>Requisitos de formaci\u00f3n y experiencia:<\/strong><\/p>\n\n\n\n<ul class=\"wp-block-list\"><li><strong>Formaci\u00f3n m\u00ednima:<\/strong>&nbsp;Licenciatura en antropolog\u00eda, deseable con enfoque en ecolog\u00eda<\/li><li><strong>Experiencia:<\/strong>&nbsp;5 a\u00f1os m\u00ednimo de experiencia de trabajo con comunidades ind\u00edgenas de la Amazon\u00eda.<\/li><li><strong>Disponibilidad:<\/strong>&nbsp;inmediata<\/li><li><strong>Dedicaci\u00f3n:<\/strong>&nbsp;exclusiva al proyecto<\/li><li><strong>Habilidad comunicativa:<\/strong>&nbsp;pedag\u00f3gica, adecuada a los contextos culturales amaz\u00f3nicos.<\/li><\/ul>\n\n\n\n<p><strong>Plazo de entrega de documentos:<\/strong>&nbsp;Hasta el 15 de abril de 2022<\/p>\n\n\n\n<p class=\"has-text-align-justify\">Las personas interesadas deber\u00e1n entregar su postulaci\u00f3n adjuntando una carta de presentaci\u00f3n con su expectativa salarial, hoja de vida con documentaci\u00f3n de respaldo y dos recomendaciones acad\u00e9micas a la siguiente direcci\u00f3n de correo electr\u00f3nico:&nbsp;<a href=\"mailto:pcontrataciones2013@gmail.com\" target=\"_blank\" rel=\"noreferrer noopener\">pcontrataciones2013@gmail.com<\/a>.&nbsp;<strong>\u00danicamente contactaremos a las personas preseleccionadas.<\/strong><\/p>\n\n\n\n<hr class=\"wp-block-separator\"\/>\n\n\n\n<p class=\"has-text-align-center\"><strong><em>ESTE BOLET\u00cdN SE PRODUCE POR ENCARGO DE WCS<\/em><\/strong><\/p>\n\n\n\n<p><\/p>\n","protected":false},"excerpt":{"rendered":"<p>CONVOCATORIA PARA CONTRATACI\u00d3N DE ESPECIALISTA EN ANTROPOLOGIA PARA PROYECTO DE INVESTIGACI\u00d3N SOBRE PATRIMONIO Y TERRITORIALIDAD: PERCEPCIONES PASADAS, PRESENTES Y FUTURAS ENTRE LOS TACANA, T\u2019SIMANE Y WAIWAI. Cargo: Co-investigador\/a del proyecto PATRIMONIO Y TERRITORIALIDAD: PERCEPCIONES PASADAS, PRESENTES Y FUTURAS ENTRE LOS TACANA, T\u2019SIMANE Y WAIWAI Plazo o tiempo del contrato:&nbsp;Un a\u00f1o &#8211; Tiempo completo Objetivo General: &hellip; <\/p>\n<p><a class=\"more-link btn\" href=\"https:\/\/cebem.org\/?p=10040\">Seguir leyendo<\/a><\/p>\n","protected":false},"author":12,"featured_media":10041,"comment_status":"closed","ping_status":"closed","sticky":false,"template":"","format":"standard","meta":{"_jetpack_memberships_contains_paid_content":false,"footnotes":"","jetpack_publicize_message":"CONVOCATORIA PARA CONTRATACI\u00d3N DE ESPECIALISTA EN ANTROPOLOGIA PARA PROYECTO DE INVESTIGACI\u00d3N SOBRE PATRIMONIO Y TERRITORIALIDAD: PERCEPCIONES PASADAS, PRESENTES Y FUTURAS ENTRE LOS TACANA, T\u2019SIMANE Y WAIWAI. Ver mas...","jetpack_publicize_feature_enabled":true,"jetpack_social_post_already_shared":true,"jetpack_social_options":{"image_generator_settings":{"template":"highway","default_image_id":0,"font":"","enabled":false},"version":2}},"categories":[1476],"tags":[1577,85,1578,863],"class_list":["post-10040","post","type-post","status-publish","format-standard","has-post-thumbnail","hentry","category-boletines-redesma","tag-contratacion","tag-convocatoria","tag-especialista-en-antropologia","tag-wcs","item-wrap"],"jetpack_publicize_connections":[],"jetpack_featured_media_url":"https:\/\/i0.wp.com\/cebem.org\/wp-content\/uploads\/2022\/04\/wcs.jpg?fit=1200%2C630&ssl=1","jetpack_sharing_enabled":true,"_links":{"self":[{"href":"https:\/\/cebem.org\/index.php?rest_route=\/wp\/v2\/posts\/10040","targetHints":{"allow":["GET"]}}],"collection":[{"href":"https:\/\/cebem.org\/index.php?rest_route=\/wp\/v2\/posts"}],"about":[{"href":"https:\/\/cebem.org\/index.php?rest_route=\/wp\/v2\/types\/post"}],"author":[{"embeddable":true,"href":"https:\/\/cebem.org\/index.php?rest_route=\/wp\/v2\/users\/12"}],"replies":[{"embeddable":true,"href":"https:\/\/cebem.org\/index.php?rest_route=%2Fwp%2Fv2%2Fcomments&post=10040"}],"version-history":[{"count":2,"href":"https:\/\/cebem.org\/index.php?rest_route=\/wp\/v2\/posts\/10040\/revisions"}],"predecessor-version":[{"id":10044,"href":"https:\/\/cebem.org\/index.php?rest_route=\/wp\/v2\/posts\/10040\/revisions\/10044"}],"wp:featuredmedia":[{"embeddable":true,"href":"https:\/\/cebem.org\/index.php?rest_route=\/wp\/v2\/media\/10041"}],"wp:attachment":[{"href":"https:\/\/cebem.org\/index.php?rest_route=%2Fwp%2Fv2%2Fmedia&parent=10040"}],"wp:term":[{"taxonomy":"category","embeddable":true,"href":"https:\/\/cebem.org\/index.php?rest_route=%2Fwp%2Fv2%2Fcategories&post=10040"},{"taxonomy":"post_tag","embeddable":true,"href":"https:\/\/cebem.org\/index.php?rest_route=%2Fwp%2Fv2%2Ftags&post=10040"}],"curies":[{"name":"wp","href":"https:\/\/api.w.org\/{rel}","templated":true}]}}